{"id":665,"date":"2026-01-01T00:01:00","date_gmt":"2026-01-01T00:01:00","guid":{"rendered":"https:\/\/demo.casethemes.net\/maiko\/?p=665"},"modified":"2026-03-17T08:26:34","modified_gmt":"2026-03-17T08:26:34","slug":"o-regresso-dos-materiais-naturais-no-design-de-interiores","status":"publish","type":"post","link":"https:\/\/versatilis.pt\/pt\/o-regresso-dos-materiais-naturais-no-design-de-interiores\/","title":{"rendered":"O Regresso dos Materiais Naturais no Design de Interiores"},"content":{"rendered":"\t\t<div data-elementor-type=\"wp-post\" data-elementor-id=\"665\" class=\"elementor elementor-665\">\n\t\t\t\t        <section class=\"elementor-section elementor-top-section elementor-element elementor-element-94e87a7 elementor-section-boxed elementor-section-height-default elementor-section-height-default pxl-row-scroll-none pxl-zoom-point-false pxl-section-overflow-visible pxl-section-fix-none pxl_parallax_bg_img_noise-none pxl-bg-color-none pxl-section-overlay-none\" data-id=\"94e87a7\" data-element_type=\"section\" data-e-type=\"section\">\n\n                \n                <div class=\"elementor-container elementor-column-gap-no \">\n                <div class=\"elementor-column elementor-col-100 elementor-top-column elementor-element elementor-element-84f2742 pxl-column-none pxl-column-overflow-hidden-no pxl-column-zoom-no\" data-id=\"84f2742\" data-element_type=\"column\" data-e-type=\"column\">\r\n        <div class=\"elementor-widget-wrap elementor-element-populated\">\r\n                     \r\n        \t\t<div class=\"elementor-element elementor-element-1f304a4 elementor-widget elementor-widget-pxl_text_editor\" data-id=\"1f304a4\" data-element_type=\"widget\" data-e-type=\"widget\" data-widget_type=\"pxl_text_editor.default\">\n\t\t\t\t<div class=\"elementor-widget-container\">\n\t\t\t\t\t<div class=\"pxl-text-editor  \">\n\t<div class=\"pxl-item--inner  \" data-wow-delay=\"ms\">\n\t\t\t<p data-start=\"326\" data-end=\"539\"><strong>Num contexto em que os consumidores valorizam cada vez mais a autenticidade, a sustentabilidade e a liga\u00e7\u00e3o \u00e0 natureza, os materiais naturais est\u00e3o a assumir um papel central no design de interiores contempor\u00e2neo.<\/strong><\/p>\t\n\t<\/div>\n<\/div>\n\n<script>\njQuery(document).ready(function($) {\n    let $pageTitleElement = $('#pxl-page-title-elementor');\n\n    if ($pageTitleElement.length) {\n        let sgPostDesText = ``;\n        $pageTitleElement.find('.pxl-item--inner').html(sgPostDesText);\n    }\n});\n<\/script>\n\n\n\t\t\t\t<\/div>\n\t\t\t\t<\/div>\n\t\t\t\t<div class=\"elementor-element elementor-element-1a3ca5a elementor-widget elementor-widget-pxl_text_editor\" data-id=\"1a3ca5a\" data-element_type=\"widget\" data-e-type=\"widget\" data-widget_type=\"pxl_text_editor.default\">\n\t\t\t\t<div class=\"elementor-widget-container\">\n\t\t\t\t\t<div class=\"pxl-text-editor  \">\n\t<div class=\"pxl-item--inner  \" data-wow-delay=\"ms\">\n\t\t\t<p data-start=\"541\" data-end=\"789\">Muito al\u00e9m de uma tend\u00eancia est\u00e9tica, a utiliza\u00e7\u00e3o de materiais naturais reflete uma mudan\u00e7a mais profunda na forma como os espa\u00e7os s\u00e3o concebidos: ambientes mais sensoriais, mais duradouros e com maior liga\u00e7\u00e3o emocional \u00e0s pessoas que os utilizam.<\/p>\t\n\t<\/div>\n<\/div>\n\n<script>\njQuery(document).ready(function($) {\n    let $pageTitleElement = $('#pxl-page-title-elementor');\n\n    if ($pageTitleElement.length) {\n        let sgPostDesText = ``;\n        $pageTitleElement.find('.pxl-item--inner').html(sgPostDesText);\n    }\n});\n<\/script>\n\n\n\t\t\t\t<\/div>\n\t\t\t\t<\/div>\n\t\t\t\t<div class=\"elementor-element elementor-element-47863fd elementor-widget elementor-widget-pxl_image\" data-id=\"47863fd\" data-element_type=\"widget\" data-e-type=\"widget\" data-widget_type=\"pxl_image.default\">\n\t\t\t\t<div class=\"elementor-widget-container\">\n\t\t\t\t\t<div id=\"pxl_image-47863fd-5655\" class=\"pxl-image-single df pxl-disable-parallax-sm pxl-hide-sr-lg  \" data-wow-delay=\"ms\"  >\r\n    <div class=\"pxl-item--inner\" data-wow-delay=\"120ms\" >\r\n    \r\n            <div class=\"pxl-item--image df \" data-wow-delay=\"ms\" data-parallax-value=\"\">\r\n                        <img fetchpriority=\"high\" decoding=\"async\" width=\"1689\" height=\"850\" src=\"https:\/\/versatilis.pt\/pt\/wp-content\/uploads\/2024\/09\/Shoppable_imagem_Colline.webp\" class=\"no-lazyload attachment-full\" alt=\"\" \/>                    <\/div>\r\n        \r\n<\/div>\r\n<\/div>\t\t\t\t<\/div>\n\t\t\t\t<\/div>\n\t\t\t\t<div class=\"elementor-element elementor-element-2efb367 elementor-widget elementor-widget-pxl_heading\" data-id=\"2efb367\" data-element_type=\"widget\" data-e-type=\"widget\" data-widget_type=\"pxl_heading.default\">\n\t\t\t\t<div class=\"elementor-widget-container\">\n\t\t\t\t\t\n<div id=\"pxl-pxl_heading-2efb367-5395\" class=\"pxl-heading px-sub-title-default style-default-style \">\n\t<div class=\"pxl-heading--inner\">\n\t\t\n\t\t<h6 class=\"pxl-item--title  style-default  highlight-default  \" data-wow-delay=\"ms\">\n\t\t\t\t\tA rea\u00e7\u00e3o \u00e0 artificialidade dos espa\u00e7os contempor\u00e2neos\t\n\t\t\t\n\t\t<\/h6>\n\n\t<\/div>\n<\/div>\t\t\t\t<\/div>\n\t\t\t\t<\/div>\n\t\t\t\t<div class=\"elementor-element elementor-element-76c2b93 elementor-widget elementor-widget-pxl_text_editor\" data-id=\"76c2b93\" data-element_type=\"widget\" data-e-type=\"widget\" data-widget_type=\"pxl_text_editor.default\">\n\t\t\t\t<div class=\"elementor-widget-container\">\n\t\t\t\t\t<div class=\"pxl-text-editor  \">\n\t<div class=\"pxl-item--inner  \" data-wow-delay=\"ms\">\n\t\t\t<p data-start=\"849\" data-end=\"1049\">Durante d\u00e9cadas, muitos espa\u00e7os comerciais foram dominados por materiais industriais altamente processados: laminados sint\u00e9ticos, pl\u00e1sticos, superf\u00edcies uniformes e acabamentos extremamente perfeitos. Embora eficientes e econ\u00f3micos, estes materiais contribu\u00edram frequentemente para ambientes visualmente homog\u00e9neos e com pouca identidade. Nos \u00faltimos anos, tem-se assistido a uma rea\u00e7\u00e3o clara a essa artificialidade. Arquitetos e designers est\u00e3o a reintroduzir materiais que revelam <strong data-start=\"1334\" data-end=\"1374\">textura, imperfei\u00e7\u00e3o e autenticidade<\/strong>, caracter\u00edsticas que tornam os espa\u00e7os mais humanos e memor\u00e1veis.<\/p>\t\n\t<\/div>\n<\/div>\n\n<script>\njQuery(document).ready(function($) {\n    let $pageTitleElement = $('#pxl-page-title-elementor');\n\n    if ($pageTitleElement.length) {\n        let sgPostDesText = ``;\n        $pageTitleElement.find('.pxl-item--inner').html(sgPostDesText);\n    }\n});\n<\/script>\n\n\n\t\t\t\t<\/div>\n\t\t\t\t<\/div>\n\t\t\t\t<div class=\"elementor-element elementor-element-5513dee elementor-widget elementor-widget-pxl_heading\" data-id=\"5513dee\" data-element_type=\"widget\" data-e-type=\"widget\" data-widget_type=\"pxl_heading.default\">\n\t\t\t\t<div class=\"elementor-widget-container\">\n\t\t\t\t\t\n<div id=\"pxl-pxl_heading-5513dee-4495\" class=\"pxl-heading px-sub-title-default style-default-style \">\n\t<div class=\"pxl-heading--inner\">\n\t\t\n\t\t<h6 class=\"pxl-item--title  style-default  highlight-default  \" data-wow-delay=\"ms\">\n\t\t\t\t\tA for\u00e7a est\u00e9tica da imperfei\u00e7\u00e3o\t\n\t\t\t\n\t\t<\/h6>\n\n\t<\/div>\n<\/div>\t\t\t\t<\/div>\n\t\t\t\t<\/div>\n\t\t\t\t<div class=\"elementor-element elementor-element-cf7c531 elementor-widget elementor-widget-pxl_text_editor\" data-id=\"cf7c531\" data-element_type=\"widget\" data-e-type=\"widget\" data-widget_type=\"pxl_text_editor.default\">\n\t\t\t\t<div class=\"elementor-widget-container\">\n\t\t\t\t\t<div class=\"pxl-text-editor  \">\n\t<div class=\"pxl-item--inner  \" data-wow-delay=\"ms\">\n\t\t\t<p data-start=\"1478\" data-end=\"1570\">Uma das qualidades mais valorizadas dos materiais naturais \u00e9 precisamente a sua imperfei\u00e7\u00e3o. Veios irregulares na madeira, varia\u00e7\u00f5es de cor na pedra natural, superf\u00edcies envelhecidas ou marcas de trabalho manual acrescentam profundidade visual e singularidade a cada projeto. Este tipo de est\u00e9tica aproxima-se de conceitos como o <em data-start=\"1810\" data-end=\"1821\">wabi-sabi<\/em>, filosofia japonesa que valoriza a beleza da imperman\u00eancia e da imperfei\u00e7\u00e3o. Num espa\u00e7o comercial, essa singularidade contribui para criar ambientes que n\u00e3o parecem produzidos em massa.<\/p>\t\n\t<\/div>\n<\/div>\n\n<script>\njQuery(document).ready(function($) {\n    let $pageTitleElement = $('#pxl-page-title-elementor');\n\n    if ($pageTitleElement.length) {\n        let sgPostDesText = ``;\n        $pageTitleElement.find('.pxl-item--inner').html(sgPostDesText);\n    }\n});\n<\/script>\n\n\n\t\t\t\t<\/div>\n\t\t\t\t<\/div>\n\t\t\t\t<div class=\"elementor-element elementor-element-49b257c elementor-widget elementor-widget-pxl_heading\" data-id=\"49b257c\" data-element_type=\"widget\" data-e-type=\"widget\" data-widget_type=\"pxl_heading.default\">\n\t\t\t\t<div class=\"elementor-widget-container\">\n\t\t\t\t\t\n<div id=\"pxl-pxl_heading-49b257c-1538\" class=\"pxl-heading px-sub-title-default style-default-style \">\n\t<div class=\"pxl-heading--inner\">\n\t\t\n\t\t<h6 class=\"pxl-item--title  style-default  highlight-default  \" data-wow-delay=\"ms\">\n\t\t\t\t\tMateriais naturais mais utilizados atualmente\t\n\t\t\t\n\t\t<\/h6>\n\n\t<\/div>\n<\/div>\t\t\t\t<\/div>\n\t\t\t\t<\/div>\n\t\t\t\t<div class=\"elementor-element elementor-element-2f796b0 elementor-widget elementor-widget-pxl_text_editor\" data-id=\"2f796b0\" data-element_type=\"widget\" data-e-type=\"widget\" data-widget_type=\"pxl_text_editor.default\">\n\t\t\t\t<div class=\"elementor-widget-container\">\n\t\t\t\t\t<div class=\"pxl-text-editor  \">\n\t<div class=\"pxl-item--inner  \" data-wow-delay=\"ms\">\n\t\t\t<p data-start=\"0\" data-end=\"468\">Entre os materiais naturais mais utilizados no design de interiores contempor\u00e2neo destacam-se a madeira maci\u00e7a, a pedra natural, os tecidos naturais e o couro ou pele natural.<\/p>\t\n\t<\/div>\n<\/div>\n\n<script>\njQuery(document).ready(function($) {\n    let $pageTitleElement = $('#pxl-page-title-elementor');\n\n    if ($pageTitleElement.length) {\n        let sgPostDesText = ``;\n        $pageTitleElement.find('.pxl-item--inner').html(sgPostDesText);\n    }\n});\n<\/script>\n\n\n\t\t\t\t<\/div>\n\t\t\t\t<\/div>\n\t\t            <\/div>\r\n        <\/div>\r\n        \t\t\t<\/div>\n\t\t<\/section>\n\t\t<div class=\"elementor-element elementor-element-f2e6e8f e-grid e-con-boxed e-con e-parent \" data-id=\"f2e6e8f\" data-element_type=\"container\" data-e-type=\"container\">\t\t\t<div class=\"e-con-inner\">\r\n\t\t\t\t<div class=\"elementor-element elementor-element-c616896 elementor-widget elementor-widget-pxl_text_editor\" data-id=\"c616896\" data-element_type=\"widget\" data-e-type=\"widget\" data-widget_type=\"pxl_text_editor.default\">\n\t\t\t\t<div class=\"elementor-widget-container\">\n\t\t\t\t\t<div class=\"pxl-text-editor  \">\n\t<div class=\"pxl-item--inner  \" data-wow-delay=\"ms\">\n\t\t\t<h5>A madeira continua a ser um dos materiais mais vers\u00e1teis e valorizados, n\u00e3o apenas pela sua est\u00e9tica quente e acolhedora, mas tamb\u00e9m pela grande flexibilidade que oferece em aplica\u00e7\u00f5es como revestimentos de parede, mobili\u00e1rio personalizado, pavimentos ou at\u00e9 elementos estruturais vis\u00edveis.<\/h5>\t\n\t<\/div>\n<\/div>\n\n<script>\njQuery(document).ready(function($) {\n    let $pageTitleElement = $('#pxl-page-title-elementor');\n\n    if ($pageTitleElement.length) {\n        let sgPostDesText = ``;\n        $pageTitleElement.find('.pxl-item--inner').html(sgPostDesText);\n    }\n});\n<\/script>\n\n\n\t\t\t\t<\/div>\n\t\t\t\t<\/div>\n\t\t\t\t<div class=\"elementor-element elementor-element-770d5a6 elementor-widget elementor-widget-image\" data-id=\"770d5a6\" data-element_type=\"widget\" data-e-type=\"widget\" data-widget_type=\"image.default\">\n\t\t\t\t\t\t\t\t\t\t\t\t\t\t\t<img decoding=\"async\" width=\"1000\" height=\"1000\" src=\"https:\/\/versatilis.pt\/pt\/wp-content\/uploads\/2024\/09\/aparador-colline-ambiente-3-1.webp\" class=\"attachment-2048x2048 size-2048x2048 wp-image-23804\" alt=\"\" srcset=\"https:\/\/versatilis.pt\/pt\/wp-content\/uploads\/2024\/09\/aparador-colline-ambiente-3-1.webp 1000w, https:\/\/versatilis.pt\/pt\/wp-content\/uploads\/2024\/09\/aparador-colline-ambiente-3-1-300x300.webp 300w, https:\/\/versatilis.pt\/pt\/wp-content\/uploads\/2024\/09\/aparador-colline-ambiente-3-1-150x150.webp 150w, https:\/\/versatilis.pt\/pt\/wp-content\/uploads\/2024\/09\/aparador-colline-ambiente-3-1-768x768.webp 768w, https:\/\/versatilis.pt\/pt\/wp-content\/uploads\/2024\/09\/aparador-colline-ambiente-3-1-710x710.webp 710w, https:\/\/versatilis.pt\/pt\/wp-content\/uploads\/2024\/09\/aparador-colline-ambiente-3-1-600x600.webp 600w, https:\/\/versatilis.pt\/pt\/wp-content\/uploads\/2024\/09\/aparador-colline-ambiente-3-1-700x700.webp 700w\" sizes=\"(max-width: 1000px) 100vw, 1000px\" \/>\t\t\t\t\t\t\t\t\t\t\t\t\t\t\t<\/div>\n\t\t\t\t\t<\/div>\r\n\t\t\t\t<\/div>\r\n\t\t<div class=\"elementor-element elementor-element-683ae5b e-grid e-con-boxed e-con e-parent \" data-id=\"683ae5b\" data-element_type=\"container\" data-e-type=\"container\">\t\t\t<div class=\"e-con-inner\">\r\n\t\t\t\t<div class=\"elementor-element elementor-element-496d302 elementor-widget elementor-widget-image\" data-id=\"496d302\" data-element_type=\"widget\" data-e-type=\"widget\" data-widget_type=\"image.default\">\n\t\t\t\t\t\t\t\t\t\t\t\t\t\t\t<img decoding=\"async\" width=\"1001\" height=\"1000\" src=\"https:\/\/versatilis.pt\/pt\/wp-content\/uploads\/2024\/09\/mesa-de-jantar-vollmer-2400-4.webp\" class=\"attachment-large size-large wp-image-23801\" alt=\"\" srcset=\"https:\/\/versatilis.pt\/pt\/wp-content\/uploads\/2024\/09\/mesa-de-jantar-vollmer-2400-4.webp 1001w, https:\/\/versatilis.pt\/pt\/wp-content\/uploads\/2024\/09\/mesa-de-jantar-vollmer-2400-4-300x300.webp 300w, https:\/\/versatilis.pt\/pt\/wp-content\/uploads\/2024\/09\/mesa-de-jantar-vollmer-2400-4-150x150.webp 150w, https:\/\/versatilis.pt\/pt\/wp-content\/uploads\/2024\/09\/mesa-de-jantar-vollmer-2400-4-768x767.webp 768w, https:\/\/versatilis.pt\/pt\/wp-content\/uploads\/2024\/09\/mesa-de-jantar-vollmer-2400-4-711x710.webp 711w, https:\/\/versatilis.pt\/pt\/wp-content\/uploads\/2024\/09\/mesa-de-jantar-vollmer-2400-4-600x600.webp 600w, https:\/\/versatilis.pt\/pt\/wp-content\/uploads\/2024\/09\/mesa-de-jantar-vollmer-2400-4-700x700.webp 700w\" sizes=\"(max-width: 1001px) 100vw, 1001px\" \/>\t\t\t\t\t\t\t\t\t\t\t\t\t\t\t<\/div>\n\t\t\t\t<div class=\"elementor-element elementor-element-8050c91 elementor-widget elementor-widget-pxl_text_editor\" data-id=\"8050c91\" data-element_type=\"widget\" data-e-type=\"widget\" data-widget_type=\"pxl_text_editor.default\">\n\t\t\t\t<div class=\"elementor-widget-container\">\n\t\t\t\t\t<div class=\"pxl-text-editor  \">\n\t<div class=\"pxl-item--inner  \" data-wow-delay=\"ms\">\n\t\t\t<h5>A pedra natural tamb\u00e9m tem regressado com grande for\u00e7a aos projetos de interiores. Materiais como m\u00e1rmore, granito, calc\u00e1rio ou travertino s\u00e3o frequentemente utilizados em balc\u00f5es, paredes ou pavimentos, acrescentando aos espa\u00e7os uma sensa\u00e7\u00e3o de perman\u00eancia, solidez e qualidade que \u00e9 dif\u00edcil de replicar com materiais sint\u00e9ticos.<\/h5>\t\n\t<\/div>\n<\/div>\n\n<script>\njQuery(document).ready(function($) {\n    let $pageTitleElement = $('#pxl-page-title-elementor');\n\n    if ($pageTitleElement.length) {\n        let sgPostDesText = ``;\n        $pageTitleElement.find('.pxl-item--inner').html(sgPostDesText);\n    }\n});\n<\/script>\n\n\n\t\t\t\t<\/div>\n\t\t\t\t<\/div>\n\t\t\t\t\t<\/div>\r\n\t\t\t\t<\/div>\r\n\t\t<div class=\"elementor-element elementor-element-e7fcaa5 e-grid e-con-boxed e-con e-parent \" data-id=\"e7fcaa5\" data-element_type=\"container\" data-e-type=\"container\">\t\t\t<div class=\"e-con-inner\">\r\n\t\t\t\t<div class=\"elementor-element elementor-element-e0e36f3 elementor-widget elementor-widget-pxl_text_editor\" data-id=\"e0e36f3\" data-element_type=\"widget\" data-e-type=\"widget\" data-widget_type=\"pxl_text_editor.default\">\n\t\t\t\t<div class=\"elementor-widget-container\">\n\t\t\t\t\t<div class=\"pxl-text-editor  \">\n\t<div class=\"pxl-item--inner  \" data-wow-delay=\"ms\">\n\t\t\t<h5>Paralelamente, os tecidos naturais como linho, algod\u00e3o e l\u00e3 t\u00eam vindo a ganhar cada vez mais relev\u00e2ncia em estofos, cortinas e diversos elementos decorativos. Para al\u00e9m da est\u00e9tica, estes materiais contribuem para uma experi\u00eancia sensorial mais rica, oferecendo textura e ajudando tamb\u00e9m a melhorar o conforto ac\u00fastico dos espa\u00e7os.<\/h5>\t\n\t<\/div>\n<\/div>\n\n<script>\njQuery(document).ready(function($) {\n    let $pageTitleElement = $('#pxl-page-title-elementor');\n\n    if ($pageTitleElement.length) {\n        let sgPostDesText = ``;\n        $pageTitleElement.find('.pxl-item--inner').html(sgPostDesText);\n    }\n});\n<\/script>\n\n\n\t\t\t\t<\/div>\n\t\t\t\t<\/div>\n\t\t\t\t<div class=\"elementor-element elementor-element-b7ca8e7 elementor-widget elementor-widget-image\" data-id=\"b7ca8e7\" data-element_type=\"widget\" data-e-type=\"widget\" data-widget_type=\"image.default\">\n\t\t\t\t\t\t\t\t\t\t\t\t\t\t\t<img loading=\"lazy\" decoding=\"async\" width=\"1001\" height=\"1000\" src=\"https:\/\/versatilis.pt\/pt\/wp-content\/uploads\/2024\/09\/cadeira-colline-ambiente-4.webp\" class=\"attachment-large size-large wp-image-23802\" alt=\"\" srcset=\"https:\/\/versatilis.pt\/pt\/wp-content\/uploads\/2024\/09\/cadeira-colline-ambiente-4.webp 1001w, https:\/\/versatilis.pt\/pt\/wp-content\/uploads\/2024\/09\/cadeira-colline-ambiente-4-300x300.webp 300w, https:\/\/versatilis.pt\/pt\/wp-content\/uploads\/2024\/09\/cadeira-colline-ambiente-4-150x150.webp 150w, https:\/\/versatilis.pt\/pt\/wp-content\/uploads\/2024\/09\/cadeira-colline-ambiente-4-768x767.webp 768w, https:\/\/versatilis.pt\/pt\/wp-content\/uploads\/2024\/09\/cadeira-colline-ambiente-4-711x710.webp 711w, https:\/\/versatilis.pt\/pt\/wp-content\/uploads\/2024\/09\/cadeira-colline-ambiente-4-600x600.webp 600w, https:\/\/versatilis.pt\/pt\/wp-content\/uploads\/2024\/09\/cadeira-colline-ambiente-4-700x700.webp 700w\" sizes=\"(max-width: 1001px) 100vw, 1001px\" \/>\t\t\t\t\t\t\t\t\t\t\t\t\t\t\t<\/div>\n\t\t\t\t\t<\/div>\r\n\t\t\t\t<\/div>\r\n\t\t<div class=\"elementor-element elementor-element-6826ab4 e-grid e-con-boxed e-con e-parent \" data-id=\"6826ab4\" data-element_type=\"container\" data-e-type=\"container\">\t\t\t<div class=\"e-con-inner\">\r\n\t\t\t\t<div class=\"elementor-element elementor-element-6bbfd27 elementor-widget elementor-widget-image\" data-id=\"6bbfd27\" data-element_type=\"widget\" data-e-type=\"widget\" data-widget_type=\"image.default\">\n\t\t\t\t\t\t\t\t\t\t\t\t\t\t\t<img loading=\"lazy\" decoding=\"async\" width=\"468\" height=\"468\" src=\"https:\/\/versatilis.pt\/pt\/wp-content\/uploads\/2024\/09\/pormenor2_cama_colline_long_base_fechada_evanyrouse_760x468_5cdbeeb7-c107-482e-9ae0-2dfbc8bc8ab3-2.jpg\" class=\"attachment-large size-large wp-image-23805\" alt=\"\" srcset=\"https:\/\/versatilis.pt\/pt\/wp-content\/uploads\/2024\/09\/pormenor2_cama_colline_long_base_fechada_evanyrouse_760x468_5cdbeeb7-c107-482e-9ae0-2dfbc8bc8ab3-2.jpg 468w, https:\/\/versatilis.pt\/pt\/wp-content\/uploads\/2024\/09\/pormenor2_cama_colline_long_base_fechada_evanyrouse_760x468_5cdbeeb7-c107-482e-9ae0-2dfbc8bc8ab3-2-300x300.jpg 300w, https:\/\/versatilis.pt\/pt\/wp-content\/uploads\/2024\/09\/pormenor2_cama_colline_long_base_fechada_evanyrouse_760x468_5cdbeeb7-c107-482e-9ae0-2dfbc8bc8ab3-2-150x150.jpg 150w\" sizes=\"(max-width: 468px) 100vw, 468px\" \/>\t\t\t\t\t\t\t\t\t\t\t\t\t\t\t<\/div>\n\t\t\t\t<div class=\"elementor-element elementor-element-111329e elementor-widget elementor-widget-pxl_text_editor\" data-id=\"111329e\" data-element_type=\"widget\" data-e-type=\"widget\" data-widget_type=\"pxl_text_editor.default\">\n\t\t\t\t<div class=\"elementor-widget-container\">\n\t\t\t\t\t<div class=\"pxl-text-editor  \">\n\t<div class=\"pxl-item--inner  \" data-wow-delay=\"ms\">\n\t\t\t<div class=\"flex max-w-full flex-col gap-4 grow\"><div class=\"min-h-8 text-message relative flex w-full flex-col items-end gap-2 text-start break-words whitespace-normal [.text-message+&amp;]:mt-1\" dir=\"auto\" data-message-author-role=\"assistant\" data-message-id=\"b3ef6309-9f74-47c4-8d57-b914e320a541\" data-message-model-slug=\"gpt-5-3\"><div class=\"flex w-full flex-col gap-1 empty:hidden\"><div class=\"markdown prose dark:prose-invert w-full wrap-break-word dark markdown-new-styling\"><h5 data-start=\"1139\" data-end=\"1495\">Por fim, materiais como o couro e a pele natural, quando utilizados de forma criteriosa, podem acrescentar profundidade visual, textura e uma presen\u00e7a est\u00e9tica muito marcada. No entanto, a sua aplica\u00e7\u00e3o exige um equil\u00edbrio cuidadoso dentro do projeto, de forma a evitar excessos e garantir coer\u00eancia com os restantes materiais e com a identidade do espa\u00e7o.<\/h5><\/div><\/div><\/div><\/div>\t\n\t<\/div>\n<\/div>\n\n<script>\njQuery(document).ready(function($) {\n    let $pageTitleElement = $('#pxl-page-title-elementor');\n\n    if ($pageTitleElement.length) {\n        let sgPostDesText = ``;\n        $pageTitleElement.find('.pxl-item--inner').html(sgPostDesText);\n    }\n});\n<\/script>\n\n\n\t\t\t\t<\/div>\n\t\t\t\t<\/div>\n\t\t\t\t\t<\/div>\r\n\t\t\t\t<\/div>\r\n\t\t        <section class=\"elementor-section elementor-top-section elementor-element elementor-element-a11f686 elementor-section-boxed elementor-section-height-default elementor-section-height-default pxl-row-scroll-none pxl-zoom-point-false pxl-section-overflow-visible pxl-section-fix-none pxl_parallax_bg_img_noise-none pxl-bg-color-none pxl-section-overlay-none\" data-id=\"a11f686\" data-element_type=\"section\" data-e-type=\"section\">\n\n                \n                <div class=\"elementor-container elementor-column-gap-no \">\n                <div class=\"elementor-column elementor-col-100 elementor-top-column elementor-element elementor-element-6728e01 pxl-column-none pxl-column-overflow-hidden-no pxl-column-zoom-no\" data-id=\"6728e01\" data-element_type=\"column\" data-e-type=\"column\">\r\n        <div class=\"elementor-widget-wrap elementor-element-populated\">\r\n                     \r\n        \t\t<div class=\"elementor-element elementor-element-cb5fa23 elementor-widget elementor-widget-pxl_heading\" data-id=\"cb5fa23\" data-element_type=\"widget\" data-e-type=\"widget\" data-widget_type=\"pxl_heading.default\">\n\t\t\t\t<div class=\"elementor-widget-container\">\n\t\t\t\t\t\n<div id=\"pxl-pxl_heading-cb5fa23-8838\" class=\"pxl-heading px-sub-title-default style-default-style \">\n\t<div class=\"pxl-heading--inner\">\n\t\t\n\t\t<h6 class=\"pxl-item--title  style-default  highlight-default  \" data-wow-delay=\"ms\">\n\t\t\t\t\tImpacto psicol\u00f3gico e experi\u00eancia do utilizador\t\n\t\t\t\n\t\t<\/h6>\n\n\t<\/div>\n<\/div>\t\t\t\t<\/div>\n\t\t\t\t<\/div>\n\t\t\t\t<div class=\"elementor-element elementor-element-58f81e4 elementor-widget elementor-widget-pxl_text_editor\" data-id=\"58f81e4\" data-element_type=\"widget\" data-e-type=\"widget\" data-widget_type=\"pxl_text_editor.default\">\n\t\t\t\t<div class=\"elementor-widget-container\">\n\t\t\t\t\t<div class=\"pxl-text-editor  \">\n\t<div class=\"pxl-item--inner  \" data-wow-delay=\"ms\">\n\t\t\t<p data-start=\"3299\" data-end=\"3508\">Estudos em \u00e1reas como psicologia ambiental e design biof\u00edlico sugerem que a presen\u00e7a de materiais naturais nos espa\u00e7os pode influenciar positivamente a forma como as pessoas percecionam e utilizam um ambiente. Ambientes com elementos naturais tendem a ser associados a maior conforto, bem-estar e perman\u00eancia. Para espa\u00e7os comerciais \u2014 especialmente na restaura\u00e7\u00e3o, hotelaria ou retalho \u2014 este fator pode ter impacto direto na experi\u00eancia do cliente e no tempo que permanece no espa\u00e7o.<\/p>\t\n\t<\/div>\n<\/div>\n\n<script>\njQuery(document).ready(function($) {\n    let $pageTitleElement = $('#pxl-page-title-elementor');\n\n    if ($pageTitleElement.length) {\n        let sgPostDesText = ``;\n        $pageTitleElement.find('.pxl-item--inner').html(sgPostDesText);\n    }\n});\n<\/script>\n\n\n\t\t\t\t<\/div>\n\t\t\t\t<\/div>\n\t\t\t\t<div class=\"elementor-element elementor-element-471d4b7 elementor-widget elementor-widget-pxl_heading\" data-id=\"471d4b7\" data-element_type=\"widget\" data-e-type=\"widget\" data-widget_type=\"pxl_heading.default\">\n\t\t\t\t<div class=\"elementor-widget-container\">\n\t\t\t\t\t\n<div id=\"pxl-pxl_heading-471d4b7-6209\" class=\"pxl-heading px-sub-title-default style-default-style \">\n\t<div class=\"pxl-heading--inner\">\n\t\t\n\t\t<h6 class=\"pxl-item--title  style-default  highlight-default  \" data-wow-delay=\"ms\">\n\t\t\t\t\tDurabilidade e valor a longo prazo\t\n\t\t\t\n\t\t<\/h6>\n\n\t<\/div>\n<\/div>\t\t\t\t<\/div>\n\t\t\t\t<\/div>\n\t\t\t\t<div class=\"elementor-element elementor-element-4b49fa3 elementor-widget elementor-widget-pxl_text_editor\" data-id=\"4b49fa3\" data-element_type=\"widget\" data-e-type=\"widget\" data-widget_type=\"pxl_text_editor.default\">\n\t\t\t\t<div class=\"elementor-widget-container\">\n\t\t\t\t\t<div class=\"pxl-text-editor  \">\n\t<div class=\"pxl-item--inner  \" data-wow-delay=\"ms\">\n\t\t\t<p data-start=\"3827\" data-end=\"3991\">Embora alguns materiais naturais possam implicar um investimento inicial superior, muitas vezes oferecem maior durabilidade e capacidade de envelhecimento est\u00e9tico. Ao contr\u00e1rio de certos materiais sint\u00e9ticos que se degradam visualmente com o tempo, materiais naturais podem ganhar car\u00e1cter e personalidade \u00e0 medida que envelhecem. Este envelhecimento \u201cnobre\u201d contribui para uma est\u00e9tica mais intemporal e reduz a necessidade de renova\u00e7\u00f5es frequentes.<\/p>\t\n\t<\/div>\n<\/div>\n\n<script>\njQuery(document).ready(function($) {\n    let $pageTitleElement = $('#pxl-page-title-elementor');\n\n    if ($pageTitleElement.length) {\n        let sgPostDesText = ``;\n        $pageTitleElement.find('.pxl-item--inner').html(sgPostDesText);\n    }\n});\n<\/script>\n\n\n\t\t\t\t<\/div>\n\t\t\t\t<\/div>\n\t\t\t\t<div class=\"elementor-element elementor-element-973408b elementor-widget elementor-widget-pxl_heading\" data-id=\"973408b\" data-element_type=\"widget\" data-e-type=\"widget\" data-widget_type=\"pxl_heading.default\">\n\t\t\t\t<div class=\"elementor-widget-container\">\n\t\t\t\t\t\n<div id=\"pxl-pxl_heading-973408b-5629\" class=\"pxl-heading px-sub-title-default style-default-style \">\n\t<div class=\"pxl-heading--inner\">\n\t\t\n\t\t<h6 class=\"pxl-item--title  style-default  highlight-default  \" data-wow-delay=\"ms\">\n\t\t\t\t\tUm equil\u00edbrio entre natureza e tecnologia\t\n\t\t\t\n\t\t<\/h6>\n\n\t<\/div>\n<\/div>\t\t\t\t<\/div>\n\t\t\t\t<\/div>\n\t\t\t\t<div class=\"elementor-element elementor-element-15a23a6 elementor-widget elementor-widget-pxl_text_editor\" data-id=\"15a23a6\" data-element_type=\"widget\" data-e-type=\"widget\" data-widget_type=\"pxl_text_editor.default\">\n\t\t\t\t<div class=\"elementor-widget-container\">\n\t\t\t\t\t<div class=\"pxl-text-editor  \">\n\t<div class=\"pxl-item--inner  \" data-wow-delay=\"ms\">\n\t\t\t<p data-start=\"4328\" data-end=\"4483\">Apesar do crescimento da utiliza\u00e7\u00e3o de materiais naturais, o design contempor\u00e2neo raramente rejeita completamente a tecnologia ou os materiais industriais. Os projetos mais equilibrados combinam frequentemente ambos: materiais naturais para criar textura, autenticidade e identidade, e solu\u00e7\u00f5es tecnol\u00f3gicas para garantir efici\u00eancia, precis\u00e3o e funcionalidade. Este equil\u00edbrio permite criar espa\u00e7os simultaneamente sofisticados, funcionais e emocionalmente envolventes.<\/p>\t\n\t<\/div>\n<\/div>\n\n<script>\njQuery(document).ready(function($) {\n    let $pageTitleElement = $('#pxl-page-title-elementor');\n\n    if ($pageTitleElement.length) {\n        let sgPostDesText = ``;\n        $pageTitleElement.find('.pxl-item--inner').html(sgPostDesText);\n    }\n});\n<\/script>\n\n\n\t\t\t\t<\/div>\n\t\t\t\t<\/div>\n\t\t\t\t<div class=\"elementor-element elementor-element-9d8b664 elementor-widget elementor-widget-pxl_heading\" data-id=\"9d8b664\" data-element_type=\"widget\" data-e-type=\"widget\" data-widget_type=\"pxl_heading.default\">\n\t\t\t\t<div class=\"elementor-widget-container\">\n\t\t\t\t\t\n<div id=\"pxl-pxl_heading-9d8b664-6285\" class=\"pxl-heading px-sub-title-default style-default-style \">\n\t<div class=\"pxl-heading--inner\">\n\t\t\n\t\t<h6 class=\"pxl-item--title  style-default  highlight-default  \" data-wow-delay=\"ms\">\n\t\t\t\t\tO futuro do design de interiores\t\n\t\t\t\n\t\t<\/h6>\n\n\t<\/div>\n<\/div>\t\t\t\t<\/div>\n\t\t\t\t<\/div>\n\t\t\t\t<div class=\"elementor-element elementor-element-e806550 elementor-widget elementor-widget-pxl_text_editor\" data-id=\"e806550\" data-element_type=\"widget\" data-e-type=\"widget\" data-widget_type=\"pxl_text_editor.default\">\n\t\t\t\t<div class=\"elementor-widget-container\">\n\t\t\t\t\t<div class=\"pxl-text-editor  \">\n\t<div class=\"pxl-item--inner  \" data-wow-delay=\"ms\">\n\t\t\t<p data-start=\"4838\" data-end=\"5013\">\u00c0 medida que as pessoas procuram experi\u00eancias mais aut\u00eanticas e significativas, os materiais naturais dever\u00e3o continuar a desempenhar um papel central no design de interiores. Mais do que uma tend\u00eancia passageira, trata-se de uma evolu\u00e7\u00e3o na forma como concebemos os espa\u00e7os: ambientes que procuram aproximar a arquitetura da natureza e criar rela\u00e7\u00f5es mais profundas entre pessoas, materiais e lugar.<\/p>\t\n\t<\/div>\n<\/div>\n\n<script>\njQuery(document).ready(function($) {\n    let $pageTitleElement = $('#pxl-page-title-elementor');\n\n    if ($pageTitleElement.length) {\n        let sgPostDesText = ``;\n        $pageTitleElement.find('.pxl-item--inner').html(sgPostDesText);\n    }\n});\n<\/script>\n\n\n\t\t\t\t<\/div>\n\t\t\t\t<\/div>\n\t\t            <\/div>\r\n        <\/div>\r\n        \t\t\t<\/div>\n\t\t<\/section>\n\t\t\t\t<\/div>\n\t\t","protected":false},"excerpt":{"rendered":"<p>Num contexto em que os consumidores valorizam cada vez mais a autenticidade, a sustentabilidade e a liga\u00e7\u00e3o \u00e0 natureza, os materiais naturais est\u00e3o a assumir um papel central no design de interiores contempor\u00e2neo.<\/p>\n","protected":false},"author":2,"featured_media":23810,"comment_status":"open","ping_status":"open","sticky":false,"template":"","format":"standard","meta":{"footnotes":""},"categories":[73,72],"tags":[13],"class_list":["post-665","post","type-post","status-publish","format-standard","has-post-thumbnail","hentry","category-design-de-interiores","category-mobiliario","tag-solutions"],"_links":{"self":[{"href":"https:\/\/versatilis.pt\/pt\/wp-json\/wp\/v2\/posts\/665","targetHints":{"allow":["GET"]}}],"collection":[{"href":"https:\/\/versatilis.pt\/pt\/wp-json\/wp\/v2\/posts"}],"about":[{"href":"https:\/\/versatilis.pt\/pt\/wp-json\/wp\/v2\/types\/post"}],"author":[{"embeddable":true,"href":"https:\/\/versatilis.pt\/pt\/wp-json\/wp\/v2\/users\/2"}],"replies":[{"embeddable":true,"href":"https:\/\/versatilis.pt\/pt\/wp-json\/wp\/v2\/comments?post=665"}],"version-history":[{"count":11,"href":"https:\/\/versatilis.pt\/pt\/wp-json\/wp\/v2\/posts\/665\/revisions"}],"predecessor-version":[{"id":23812,"href":"https:\/\/versatilis.pt\/pt\/wp-json\/wp\/v2\/posts\/665\/revisions\/23812"}],"wp:featuredmedia":[{"embeddable":true,"href":"https:\/\/versatilis.pt\/pt\/wp-json\/wp\/v2\/media\/23810"}],"wp:attachment":[{"href":"https:\/\/versatilis.pt\/pt\/wp-json\/wp\/v2\/media?parent=665"}],"wp:term":[{"taxonomy":"category","embeddable":true,"href":"https:\/\/versatilis.pt\/pt\/wp-json\/wp\/v2\/categories?post=665"},{"taxonomy":"post_tag","embeddable":true,"href":"https:\/\/versatilis.pt\/pt\/wp-json\/wp\/v2\/tags?post=665"}],"curies":[{"name":"wp","href":"https:\/\/api.w.org\/{rel}","templated":true}]}}